{"id":7452,"date":"2026-04-02T11:06:55","date_gmt":"2026-04-02T08:06:55","guid":{"rendered":"https:\/\/kohtla-jarve.ee\/?p=7452"},"modified":"2026-04-02T11:06:57","modified_gmt":"2026-04-02T08:06:57","slug":"ida-virumaa-omavalitsuste-liit-valis-uue-juhtkonna","status":"publish","type":"post","link":"https:\/\/kohtla-jarve.ee\/ru\/ida-virumaa-omavalitsuste-liit-valis-uue-juhtkonna\/","title":{"rendered":"\u0410\u0441\u0441\u043e\u0446\u0438\u0430\u0446\u0438\u044f \u043c\u0435\u0441\u0442\u043d\u044b\u0445 \u043e\u0440\u0433\u0430\u043d\u043e\u0432 \u0432\u043b\u0430\u0441\u0442\u0438 \u0418\u0434\u0430-\u0412\u0438\u0440\u0443\u043c\u0430\u0430 \u0438\u0437\u0431\u0440\u0430\u043b\u0430 \u043d\u043e\u0432\u043e\u0435 \u0440\u0443\u043a\u043e\u0432\u043e\u0434\u0441\u0442\u0432\u043e"},"content":{"rendered":"<p>\u0421\u043e\u044e\u0437 \u0441\u0430\u043c\u043e\u0443\u043f\u0440\u0430\u0432\u043b\u0435\u043d\u0438\u0439 \u0418\u0434\u0430-\u0412\u0438\u0440\u0443\u043c\u0430\u0430 \u0443\u0442\u0432\u0435\u0440\u0434\u0438\u043b \u043e\u0431\u043d\u043e\u0432\u043b\u0435\u043d\u043d\u043e\u0435 \u0440\u0443\u043a\u043e\u0432\u043e\u0434\u0441\u0442\u0432\u043e. \u041f\u0440\u0435\u0434\u0441\u0435\u0434\u0430\u0442\u0435\u043b\u0435\u043c \u0438\u0437\u0431\u0440\u0430\u043d \u0414\u043c\u0438\u0442\u0440\u0438\u0439 \u0414\u043c\u0438\u0442\u0440\u0438\u0435\u0432, \u043c\u044d\u0440 \u043c\u0443\u043d\u0438\u0446\u0438\u043f\u0430\u043b\u0438\u0442\u0435\u0442\u0430 \u041b\u044e\u0433\u0430\u043d\u0443\u0437\u0435, \u0430 \u0437\u0430\u043c\u0435\u0441\u0442\u0438\u0442\u0435\u043b\u0435\u043c \u043f\u0440\u0435\u0434\u0441\u0435\u0434\u0430\u0442\u0435\u043b\u044f - \u041c\u0430\u043a\u0441\u0438\u043c \u0418\u043b\u044c\u0438\u043d, \u043c\u044d\u0440 \u041d\u0430\u0440\u0432\u0430-\u0419\u044b\u044d\u0441\u0443\u0443.<\/p>\n\n\n\n<p>\u0420\u0435\u0448\u0435\u043d\u0438\u0435 \u0431\u044b\u043b\u043e \u043f\u0440\u0438\u043d\u044f\u0442\u043e \u0435\u0434\u0438\u043d\u043e\u0433\u043b\u0430\u0441\u043d\u043e \u043d\u0430 \u0437\u0430\u0441\u0435\u0434\u0430\u043d\u0438\u0438 \u0441\u043e\u0432\u0435\u0442\u0430 \u0434\u0438\u0440\u0435\u043a\u0442\u043e\u0440\u043e\u0432.<\/p>\n\n\n\n<p>\u0412 \u0441\u043e\u0441\u0442\u0430\u0432 \u043f\u0440\u0430\u0432\u043b\u0435\u043d\u0438\u044f \u0442\u0430\u043a\u0436\u0435 \u0432\u0445\u043e\u0434\u044f\u0442 \u043f\u0440\u0435\u0434\u0441\u0442\u0430\u0432\u0438\u0442\u0435\u043b\u0438 \u043c\u0443\u043d\u0438\u0446\u0438\u043f\u0430\u043b\u0438\u0442\u0435\u0442\u043e\u0432 \u0440\u0435\u0433\u0438\u043e\u043d\u0430: \u043c\u044d\u0440 \u043c\u0443\u043d\u0438\u0446\u0438\u043f\u0430\u043b\u0438\u0442\u0435\u0442\u0430 \u0410\u043b\u0443\u0442\u0430\u0433\u0443\u0437\u0435 \u0422\u0430\u0443\u043d\u043e \u0412\u044b\u0445\u043c\u0430\u0440, \u043c\u044d\u0440 \u043c\u0443\u043d\u0438\u0446\u0438\u043f\u0430\u043b\u0438\u0442\u0435\u0442\u0430 \u0419\u044b\u0445\u0432\u0438 \u0412\u0430\u043b\u043b\u043e \u0420\u0435\u0439\u043c\u0430\u0430, \u043c\u044d\u0440 \u041a\u043e\u0445\u0442\u043b\u0430-\u042f\u0440\u0432\u0435 \u041c\u0430\u043a\u0441 \u041a\u0430\u0443\u0440, \u043c\u044d\u0440 \u041d\u0430\u0440\u0432\u044b \u041a\u0430\u0442\u0440\u0438 \u0420\u0430\u0439\u043a \u0438 \u043c\u044d\u0440 \u0421\u0438\u043b\u043b\u0430\u043c\u044f\u044d \u0422\u044b\u043d\u0438\u0441 \u041a\u0430\u043b\u0431\u0435\u0440\u0433.<\/p>\n\n\n\n<p>\u0412 \u0442\u0435\u0447\u0435\u043d\u0438\u0435 \u0434\u0432\u0443\u0445 \u043f\u0440\u0435\u0434\u044b\u0434\u0443\u0449\u0438\u0445 \u043b\u0435\u0442 \u043f\u0440\u043e\u0444\u0441\u043e\u044e\u0437 \u0432\u043e\u0437\u0433\u043b\u0430\u0432\u043b\u044f\u043b\u0430 \u0415\u0432\u0430 \u0418\u0441\u0442, \u043c\u044d\u0440 \u043c\u0443\u043d\u0438\u0446\u0438\u043f\u0430\u043b\u0438\u0442\u0435\u0442\u0430 \u0422\u043e\u0439\u043b\u0430.<\/p>\n\n\n\n<p>\u0421\u043e\u044e\u0437 \u043c\u0435\u0441\u0442\u043d\u044b\u0445 \u0441\u0430\u043c\u043e\u0443\u043f\u0440\u0430\u0432\u043b\u0435\u043d\u0438\u0439 \u0418\u0434\u0430-\u0412\u0438\u0440\u0443\u043c\u0430\u0430 \u043f\u0440\u043e\u0434\u043e\u043b\u0436\u0438\u0442 \u0440\u0430\u0437\u0432\u0438\u0432\u0430\u0442\u044c \u043c\u0435\u0436\u043c\u0443\u043d\u0438\u0446\u0438\u043f\u0430\u043b\u044c\u043d\u043e\u0435 \u0441\u043e\u0442\u0440\u0443\u0434\u043d\u0438\u0447\u0435\u0441\u0442\u0432\u043e, \u043f\u043e\u0434\u0434\u0435\u0440\u0436\u0438\u0432\u0430\u044f \u0441\u0431\u0430\u043b\u0430\u043d\u0441\u0438\u0440\u043e\u0432\u0430\u043d\u043d\u043e\u0435 \u0440\u0430\u0437\u0432\u0438\u0442\u0438\u0435 \u0440\u0435\u0433\u0438\u043e\u043d\u0430 \u0438 \u0441\u043e\u0445\u0440\u0430\u043d\u044f\u044f \u043c\u0435\u0441\u0442\u043d\u0443\u044e \u0438\u0434\u0435\u043d\u0442\u0438\u0447\u043d\u043e\u0441\u0442\u044c.<\/p>","protected":false},"excerpt":{"rendered":"<p>Ida-Virumaa Omavalitsuste Liit kinnitas uuendatud juhtkonna koosseisu. Liidu esimeheks valiti L\u00fcganuse vallavanem Dmitri Dmitrijev ning aseesimeheks Narva-J\u00f5esuu linnapea Maksim Iljin. Otsus v\u00f5eti vastu juhatuse koosolekul \u00fcheh\u00e4\u00e4lselt. Juhatusse kuuluvad ka piirkonna [&hellip;]<\/p>\n","protected":false},"author":11,"featured_media":7454,"comment_status":"closed","ping_status":"closed","sticky":false,"template":"","format":"standard","meta":{"_EventAllDay":false,"_EventTimezone":"","_EventStartDate":"","_EventEndDate":"","_EventStartDateUTC":"","_EventEndDateUTC":"","_EventShowMap":false,"_EventShowMapLink":false,"_EventURL":"","_EventCost":"","_EventCostDescription":"","_EventCurrencySymbol":"","_EventCurrencyCode":"","_EventCurrencyPosition":"","_EventDateTimeSeparator":"","_EventTimeRangeSeparator":"","_EventOrganizerID":[],"_EventVenueID":[],"_OrganizerEmail":"","_OrganizerPhone":"","_OrganizerWebsite":"","_VenueAddress":"","_VenueCity":"","_VenueCountry":"","_VenueProvince":"","_VenueState":"","_VenueZip":"","_VenuePhone":"","_VenueURL":"","_VenueStateProvince":"","_VenueLat":"","_VenueLng":"","_VenueShowMap":false,"_VenueShowMapLink":false,"footnotes":""},"categories":[1],"tags":[],"class_list":["post-7452","post","type-post","status-publish","format-standard","has-post-thumbnail","hentry","category-uudised-ja-teated"],"_links":{"self":[{"href":"https:\/\/kohtla-jarve.ee\/ru\/wp-json\/wp\/v2\/posts\/7452","targetHints":{"allow":["GET"]}}],"collection":[{"href":"https:\/\/kohtla-jarve.ee\/ru\/wp-json\/wp\/v2\/posts"}],"about":[{"href":"https:\/\/kohtla-jarve.ee\/ru\/wp-json\/wp\/v2\/types\/post"}],"author":[{"embeddable":true,"href":"https:\/\/kohtla-jarve.ee\/ru\/wp-json\/wp\/v2\/users\/11"}],"replies":[{"embeddable":true,"href":"https:\/\/kohtla-jarve.ee\/ru\/wp-json\/wp\/v2\/comments?post=7452"}],"version-history":[{"count":1,"href":"https:\/\/kohtla-jarve.ee\/ru\/wp-json\/wp\/v2\/posts\/7452\/revisions"}],"predecessor-version":[{"id":7455,"href":"https:\/\/kohtla-jarve.ee\/ru\/wp-json\/wp\/v2\/posts\/7452\/revisions\/7455"}],"wp:featuredmedia":[{"embeddable":true,"href":"https:\/\/kohtla-jarve.ee\/ru\/wp-json\/wp\/v2\/media\/7454"}],"wp:attachment":[{"href":"https:\/\/kohtla-jarve.ee\/ru\/wp-json\/wp\/v2\/media?parent=7452"}],"wp:term":[{"taxonomy":"category","embeddable":true,"href":"https:\/\/kohtla-jarve.ee\/ru\/wp-json\/wp\/v2\/categories?post=7452"},{"taxonomy":"post_tag","embeddable":true,"href":"https:\/\/kohtla-jarve.ee\/ru\/wp-json\/wp\/v2\/tags?post=7452"}],"curies":[{"name":"wp","href":"https:\/\/api.w.org\/{rel}","templated":true}]}}